{"id":235,"date":"2022-04-01T12:17:59","date_gmt":"2022-04-01T12:17:59","guid":{"rendered":"https:\/\/www.knihovnaprosec.cz\/?p=235"},"modified":"2022-04-01T12:17:59","modified_gmt":"2022-04-01T12:17:59","slug":"berusky-v-knihovne","status":"publish","type":"post","link":"https:\/\/www.knihovnaprosec.cz\/index.php\/2022\/04\/01\/berusky-v-knihovne\/","title":{"rendered":"Beru\u0161ky v knihovn\u011b"},"content":{"rendered":"\n<p>Ve \u010dtvrtek 24. b\u0159ezna nav\u0161t\u00edvili knihovnu na\u0161i nejmen\u0161\u00ed &#8211; t\u0159\u00edda Beru\u0161ek z M\u0160 Prose\u010d. Pov\u00eddali jsme si o kn\u00ed\u017ek\u00e1ch, o jaru, p\u0159e\u010detli jsme si poh\u00e1dku &#8222;Jak se p\u0159ivol\u00e1v\u00e1 jaro&#8220; z knihy Poh\u00e1de\u010dky od Michala \u010cern\u00edka a nakonec jsme si i zazp\u00edvali.<\/p>\n\n\n\n<figure class=\"wp-block-gallery columns-1 is-cropped wp-block-gallery-1 is-layout-flex wp-block-gallery-is-layout-flex\"><ul class=\"blocks-gallery-grid\"><li class=\"blocks-gallery-item\"><figure><img loading=\"lazy\" decoding=\"async\" width=\"1024\" height=\"576\" src=\"https:\/\/www.knihovnaprosec.cz\/wp-content\/uploads\/2022\/04\/20220324_100607_HDR-1024x576.jpg\" alt=\"\" data-id=\"236\" data-full-url=\"https:\/\/www.knihovnaprosec.cz\/wp-content\/uploads\/2022\/04\/20220324_100607_HDR-scaled.jpg\" data-link=\"https:\/\/www.knihovnaprosec.cz\/?attachment_id=236\" class=\"wp-image-236\" srcset=\"https:\/\/www.knihovnaprosec.cz\/wp-content\/uploads\/2022\/04\/20220324_100607_HDR-1024x576.jpg 1024w, https:\/\/www.knihovnaprosec.cz\/wp-content\/uploads\/2022\/04\/20220324_100607_HDR-300x169.jpg 300w, https:\/\/www.knihovnaprosec.cz\/wp-content\/uploads\/2022\/04\/20220324_100607_HDR-768x432.jpg 768w, https:\/\/www.knihovnaprosec.cz\/wp-content\/uploads\/2022\/04\/20220324_100607_HDR-1536x864.jpg 1536w, https:\/\/www.knihovnaprosec.cz\/wp-content\/uploads\/2022\/04\/20220324_100607_HDR-2048x1152.jpg 2048w\" sizes=\"auto, (max-width: 767px) 89vw, (max-width: 1000px) 54vw, (max-width: 1071px) 543px, 580px\" \/><\/figure><\/li><\/ul><\/figure>\n","protected":false},"excerpt":{"rendered":"<p>Ve \u010dtvrtek 24. b\u0159ezna nav\u0161t\u00edvili knihovnu na\u0161i nejmen\u0161\u00ed &#8211; t\u0159\u00edda Beru\u0161ek z M\u0160 Prose\u010d. Pov\u00eddali jsme si o kn\u00ed\u017ek\u00e1ch, o jaru, p\u0159e\u010detli jsme si poh\u00e1dku &#8222;Jak se p\u0159ivol\u00e1v\u00e1 jaro&#8220; z knihy Poh\u00e1de\u010dky od Michala \u010cern\u00edka a nakonec jsme si i zazp\u00edvali.<\/p>\n","protected":false},"author":3,"featured_media":0,"comment_status":"open","ping_status":"open","sticky":false,"template":"","format":"standard","meta":{"footnotes":""},"categories":[1],"tags":[],"class_list":["post-235","post","type-post","status-publish","format-standard","hentry","category-uncategorized"],"_links":{"self":[{"href":"https:\/\/www.knihovnaprosec.cz\/index.php\/wp-json\/wp\/v2\/posts\/235","targetHints":{"allow":["GET"]}}],"collection":[{"href":"https:\/\/www.knihovnaprosec.cz\/index.php\/wp-json\/wp\/v2\/posts"}],"about":[{"href":"https:\/\/www.knihovnaprosec.cz\/index.php\/wp-json\/wp\/v2\/types\/post"}],"author":[{"embeddable":true,"href":"https:\/\/www.knihovnaprosec.cz\/index.php\/wp-json\/wp\/v2\/users\/3"}],"replies":[{"embeddable":true,"href":"https:\/\/www.knihovnaprosec.cz\/index.php\/wp-json\/wp\/v2\/comments?post=235"}],"version-history":[{"count":1,"href":"https:\/\/www.knihovnaprosec.cz\/index.php\/wp-json\/wp\/v2\/posts\/235\/revisions"}],"predecessor-version":[{"id":237,"href":"https:\/\/www.knihovnaprosec.cz\/index.php\/wp-json\/wp\/v2\/posts\/235\/revisions\/237"}],"wp:attachment":[{"href":"https:\/\/www.knihovnaprosec.cz\/index.php\/wp-json\/wp\/v2\/media?parent=235"}],"wp:term":[{"taxonomy":"category","embeddable":true,"href":"https:\/\/www.knihovnaprosec.cz\/index.php\/wp-json\/wp\/v2\/categories?post=235"},{"taxonomy":"post_tag","embeddable":true,"href":"https:\/\/www.knihovnaprosec.cz\/index.php\/wp-json\/wp\/v2\/tags?post=235"}],"curies":[{"name":"wp","href":"https:\/\/api.w.org\/{rel}","templated":true}]}}