{"id":297,"date":"2022-09-21T11:32:38","date_gmt":"2022-09-21T11:32:38","guid":{"rendered":"https:\/\/www.knihovnaprosec.cz\/?p=297"},"modified":"2022-09-21T11:32:38","modified_gmt":"2022-09-21T11:32:38","slug":"vcelicky-v-knihovne-2","status":"publish","type":"post","link":"https:\/\/www.knihovnaprosec.cz\/index.php\/2022\/09\/21\/vcelicky-v-knihovne-2\/","title":{"rendered":"V\u010deli\u010dky v knihovn\u011b"},"content":{"rendered":"\n<p>M\u011bstskou knihovnu dnes nav\u0161t\u00edvily V\u010deli\u010dky &#8211; d\u011bti z Mate\u0159sk\u00e9 \u0161koly Prose\u010d. Knihovnice p\u0159e\u010detla d\u011btem poh\u00e1dku Mlsn\u00fd je\u017eek Ton\u00edk, kterou napsala Andrea Reitmeyerov\u00e1. D\u011btem se poh\u00e1dka o mlsn\u00e9m Ton\u00edkovi l\u00edbila. Po poh\u00e1dce jsme si spole\u010dn\u011b pov\u00eddali, zp\u00edvali a prohl\u00ed\u017eeli d\u011btsk\u00e9 knihy.<\/p>\n\n\n\n<figure class=\"wp-block-gallery has-nested-images columns-default is-cropped wp-block-gallery-1 is-layout-flex wp-block-gallery-is-layout-flex\">\n<figure class=\"wp-block-image size-large\"><img loading=\"lazy\" decoding=\"async\" width=\"1000\" height=\"750\" data-id=\"298\" src=\"https:\/\/www.knihovnaprosec.cz\/wp-content\/uploads\/2022\/09\/IMG_20220921_102608.jpg\" alt=\"\" class=\"wp-image-298\" srcset=\"https:\/\/www.knihovnaprosec.cz\/wp-content\/uploads\/2022\/09\/IMG_20220921_102608.jpg 1000w, https:\/\/www.knihovnaprosec.cz\/wp-content\/uploads\/2022\/09\/IMG_20220921_102608-300x225.jpg 300w, https:\/\/www.knihovnaprosec.cz\/wp-content\/uploads\/2022\/09\/IMG_20220921_102608-768x576.jpg 768w\" sizes=\"auto, (max-width: 767px) 89vw, (max-width: 1000px) 54vw, (max-width: 1071px) 543px, 580px\" \/><\/figure>\n<\/figure>\n\n\n\n<figure class=\"wp-block-gallery has-nested-images columns-default is-cropped wp-block-gallery-2 is-layout-flex wp-block-gallery-is-layout-flex\">\n<figure class=\"wp-block-image size-large\"><img loading=\"lazy\" decoding=\"async\" width=\"1000\" height=\"750\" data-id=\"299\" src=\"https:\/\/www.knihovnaprosec.cz\/wp-content\/uploads\/2022\/09\/IMG_20220921_102620.jpg\" alt=\"\" class=\"wp-image-299\" srcset=\"https:\/\/www.knihovnaprosec.cz\/wp-content\/uploads\/2022\/09\/IMG_20220921_102620.jpg 1000w, https:\/\/www.knihovnaprosec.cz\/wp-content\/uploads\/2022\/09\/IMG_20220921_102620-300x225.jpg 300w, https:\/\/www.knihovnaprosec.cz\/wp-content\/uploads\/2022\/09\/IMG_20220921_102620-768x576.jpg 768w\" sizes=\"auto, (max-width: 767px) 89vw, (max-width: 1000px) 54vw, (max-width: 1071px) 543px, 580px\" \/><\/figure>\n<\/figure>\n\n\n\n<figure class=\"wp-block-gallery has-nested-images columns-default is-cropped wp-block-gallery-3 is-layout-flex wp-block-gallery-is-layout-flex\">\n<figure class=\"wp-block-image size-large\"><img loading=\"lazy\" decoding=\"async\" width=\"1000\" height=\"750\" data-id=\"300\" src=\"https:\/\/www.knihovnaprosec.cz\/wp-content\/uploads\/2022\/09\/IMG_20220921_102642.jpg\" alt=\"\" class=\"wp-image-300\" srcset=\"https:\/\/www.knihovnaprosec.cz\/wp-content\/uploads\/2022\/09\/IMG_20220921_102642.jpg 1000w, https:\/\/www.knihovnaprosec.cz\/wp-content\/uploads\/2022\/09\/IMG_20220921_102642-300x225.jpg 300w, https:\/\/www.knihovnaprosec.cz\/wp-content\/uploads\/2022\/09\/IMG_20220921_102642-768x576.jpg 768w\" sizes=\"auto, (max-width: 767px) 89vw, (max-width: 1000px) 54vw, (max-width: 1071px) 543px, 580px\" \/><\/figure>\n<\/figure>\n\n\n\n<figure class=\"wp-block-gallery has-nested-images columns-default is-cropped wp-block-gallery-4 is-layout-flex wp-block-gallery-is-layout-flex\">\n<figure class=\"wp-block-image size-large\"><img loading=\"lazy\" decoding=\"async\" width=\"1000\" height=\"750\" data-id=\"301\" src=\"https:\/\/www.knihovnaprosec.cz\/wp-content\/uploads\/2022\/09\/IMG_20220921_102705.jpg\" alt=\"\" class=\"wp-image-301\" srcset=\"https:\/\/www.knihovnaprosec.cz\/wp-content\/uploads\/2022\/09\/IMG_20220921_102705.jpg 1000w, https:\/\/www.knihovnaprosec.cz\/wp-content\/uploads\/2022\/09\/IMG_20220921_102705-300x225.jpg 300w, https:\/\/www.knihovnaprosec.cz\/wp-content\/uploads\/2022\/09\/IMG_20220921_102705-768x576.jpg 768w\" sizes=\"auto, (max-width: 767px) 89vw, (max-width: 1000px) 54vw, (max-width: 1071px) 543px, 580px\" \/><\/figure>\n<\/figure>\n\n\n\n<figure class=\"wp-block-gallery has-nested-images columns-default is-cropped wp-block-gallery-5 is-layout-flex wp-block-gallery-is-layout-flex\">\n<figure class=\"wp-block-image size-large\"><img loading=\"lazy\" decoding=\"async\" width=\"1000\" height=\"750\" data-id=\"302\" src=\"https:\/\/www.knihovnaprosec.cz\/wp-content\/uploads\/2022\/09\/IMG_20220921_102721.jpg\" alt=\"\" class=\"wp-image-302\" srcset=\"https:\/\/www.knihovnaprosec.cz\/wp-content\/uploads\/2022\/09\/IMG_20220921_102721.jpg 1000w, https:\/\/www.knihovnaprosec.cz\/wp-content\/uploads\/2022\/09\/IMG_20220921_102721-300x225.jpg 300w, https:\/\/www.knihovnaprosec.cz\/wp-content\/uploads\/2022\/09\/IMG_20220921_102721-768x576.jpg 768w\" sizes=\"auto, (max-width: 767px) 89vw, (max-width: 1000px) 54vw, (max-width: 1071px) 543px, 580px\" \/><\/figure>\n<\/figure>\n","protected":false},"excerpt":{"rendered":"<p>M\u011bstskou knihovnu dnes nav\u0161t\u00edvily V\u010deli\u010dky &#8211; d\u011bti z Mate\u0159sk\u00e9 \u0161koly Prose\u010d. Knihovnice p\u0159e\u010detla d\u011btem poh\u00e1dku Mlsn\u00fd je\u017eek Ton\u00edk, kterou napsala Andrea Reitmeyerov\u00e1. D\u011btem se poh\u00e1dka o mlsn\u00e9m Ton\u00edkovi l\u00edbila. Po poh\u00e1dce jsme si spole\u010dn\u011b pov\u00eddali, zp\u00edvali a prohl\u00ed\u017eeli d\u011btsk\u00e9 knihy.<\/p>\n","protected":false},"author":3,"featured_media":0,"comment_status":"open","ping_status":"open","sticky":false,"template":"","format":"standard","meta":{"footnotes":""},"categories":[1],"tags":[],"class_list":["post-297","post","type-post","status-publish","format-standard","hentry","category-uncategorized"],"_links":{"self":[{"href":"https:\/\/www.knihovnaprosec.cz\/index.php\/wp-json\/wp\/v2\/posts\/297","targetHints":{"allow":["GET"]}}],"collection":[{"href":"https:\/\/www.knihovnaprosec.cz\/index.php\/wp-json\/wp\/v2\/posts"}],"about":[{"href":"https:\/\/www.knihovnaprosec.cz\/index.php\/wp-json\/wp\/v2\/types\/post"}],"author":[{"embeddable":true,"href":"https:\/\/www.knihovnaprosec.cz\/index.php\/wp-json\/wp\/v2\/users\/3"}],"replies":[{"embeddable":true,"href":"https:\/\/www.knihovnaprosec.cz\/index.php\/wp-json\/wp\/v2\/comments?post=297"}],"version-history":[{"count":1,"href":"https:\/\/www.knihovnaprosec.cz\/index.php\/wp-json\/wp\/v2\/posts\/297\/revisions"}],"predecessor-version":[{"id":303,"href":"https:\/\/www.knihovnaprosec.cz\/index.php\/wp-json\/wp\/v2\/posts\/297\/revisions\/303"}],"wp:attachment":[{"href":"https:\/\/www.knihovnaprosec.cz\/index.php\/wp-json\/wp\/v2\/media?parent=297"}],"wp:term":[{"taxonomy":"category","embeddable":true,"href":"https:\/\/www.knihovnaprosec.cz\/index.php\/wp-json\/wp\/v2\/categories?post=297"},{"taxonomy":"post_tag","embeddable":true,"href":"https:\/\/www.knihovnaprosec.cz\/index.php\/wp-json\/wp\/v2\/tags?post=297"}],"curies":[{"name":"wp","href":"https:\/\/api.w.org\/{rel}","templated":true}]}}