{"id":305,"date":"2022-09-23T07:24:28","date_gmt":"2022-09-23T07:24:28","guid":{"rendered":"https:\/\/www.knihovnaprosec.cz\/?p=305"},"modified":"2022-09-23T07:24:28","modified_gmt":"2022-09-23T07:24:28","slug":"nove-knihy-zari-2022","status":"publish","type":"post","link":"https:\/\/www.knihovnaprosec.cz\/index.php\/2022\/09\/23\/nove-knihy-zari-2022\/","title":{"rendered":"Nov\u00e9 knihy &#8211; z\u00e1\u0159\u00ed 2022"},"content":{"rendered":"\n<p><strong>Beletrie:<\/strong><\/p>\n\n\n\n<p><strong>&nbsp;&nbsp; Kate\u0159ina Tu\u010dkov\u00e1 <\/strong>\u2013 B\u00edl\u00e1 Voda,<strong> \u0160t\u011bp\u00e1n Jav\u016frek <\/strong>\u2013 Nebe nad Perninkem, <strong>Pavel Hrdli\u010dka<\/strong> \u2013 \u017debr\u00e1kova pomsta,<strong> Ema Labudov\u00e1 <\/strong>\u2013 Lada u ledu, <strong>Petr S\u00fdkora <\/strong>\u2013 Skl\u00edn\u011bn\u00e9 kor\u00e1lky, <strong>Dominik D\u00e1n<\/strong> \u2013 N\u011b\u017en\u00e1 fata morg\u00e1na, <strong>Viktor Dyk<\/strong> \u2013 Krysa\u0159, <strong>Karel Jarom\u00edr Erben<\/strong> &#8211; Kytice<\/p>\n\n\n\n<p><strong>&nbsp;&nbsp; Tim Ayliffe<\/strong> \u2013 Pro vy\u0161\u0161\u00ed dobro, <strong>Wilbur Smith <\/strong>&nbsp;\u2013 Ko\u0159ist, <strong>Anders Roslund<\/strong> \u2013 3 hodiny, <strong>Alan Jacobson<\/strong> \u2013 Sedm\u00e1 ob\u011b\u0165, <strong>Hakan \u00d6tlundh<\/strong> \u2013 Prorokova zima, <strong>Sandrine Collette<\/strong> \u2013 Posledn\u00ed p\u0159\u00edliv, <strong>Zoja Stage<\/strong> \u2013 D\u011btsk\u00e9 zoubky, <strong>Terry Pratchett<\/strong> \u2013 Faust Erik, &nbsp;<strong>William Shakespeare<\/strong> \u2013 Romeo a Julie<\/p>\n\n\n\n<p>&nbsp;&nbsp; <strong>Liz Trenow<\/strong> \u2013 L\u00e1ska a v\u00e1lka, <strong>Lucinda Riley<\/strong> \u2013 Sestra slunce, <strong>Gina Lamanna<\/strong> \u2013 Kr\u00e1sn\u00e9 a podez\u0159el\u00e9, <strong>Jill Childs<\/strong> \u2013 Graciino tajemstv\u00ed, <strong>Ann Moore<\/strong> \u2013 \u00dasvit nad\u011bje, <strong>Susan Lewis<\/strong> \u2013 O minutu pozd\u011bji, <strong>Carol Mason<\/strong> \u2013 Kdy\u017e jsme se vid\u011bli naposled, <strong>Anne Tyler <\/strong>\u2013 B\u011bh \u010dasu, <strong>Graeme Simision <\/strong>\u2013 Dozvuky m\u00fdch l\u00e1sek<\/p>\n\n\n\n<p><strong>Knihy pro d\u011bti:<\/strong><\/p>\n\n\n\n<p>\u00a0\u00a0 <strong>Petr S\u00eds<\/strong> \u2013 Nicky a V\u011bra: P\u0159\u00edb\u011bh Nicholase Wintona a jeho d\u011bt\u00ed, <strong>Daniela Krolupperov\u00e1<\/strong> \u2013 Bub\u00e1\u010dek a zlobiv\u00e1 z\u00e1v\u011bj, <strong>Milo\u0161 Kratochv\u00edl<\/strong> \u2013 Trpasl\u00edci, Prasn\u011bhurka, d\u011bda a j\u00e1, <strong>Lucie Hlavinkov\u00e1<\/strong> \u2013 Sesterstvo a nejv\u011bt\u0161\u00ed kouzlo ko\u010dky Fabioly, <strong>Chiara Piroddi<\/strong> \u2013 Timovy tipy: Budu m\u00edt sourozence, Prvn\u00ed den ve \u0161kolce<\/p>\n\n\n\n<figure class=\"wp-block-gallery has-nested-images columns-default is-cropped wp-block-gallery-1 is-layout-flex wp-block-gallery-is-layout-flex\">\n<figure class=\"wp-block-image size-large\"><img loading=\"lazy\" decoding=\"async\" width=\"1000\" height=\"750\" data-id=\"306\" src=\"https:\/\/www.knihovnaprosec.cz\/wp-content\/uploads\/2022\/09\/IMG_20220915_142852.jpg\" alt=\"\" class=\"wp-image-306\" srcset=\"https:\/\/www.knihovnaprosec.cz\/wp-content\/uploads\/2022\/09\/IMG_20220915_142852.jpg 1000w, https:\/\/www.knihovnaprosec.cz\/wp-content\/uploads\/2022\/09\/IMG_20220915_142852-300x225.jpg 300w, https:\/\/www.knihovnaprosec.cz\/wp-content\/uploads\/2022\/09\/IMG_20220915_142852-768x576.jpg 768w\" sizes=\"auto, (max-width: 767px) 89vw, (max-width: 1000px) 54vw, (max-width: 1071px) 543px, 580px\" \/><\/figure>\n<\/figure>\n","protected":false},"excerpt":{"rendered":"<p>Beletrie: &nbsp;&nbsp; Kate\u0159ina Tu\u010dkov\u00e1 \u2013 B\u00edl\u00e1 Voda, \u0160t\u011bp\u00e1n Jav\u016frek \u2013 Nebe nad Perninkem, Pavel Hrdli\u010dka \u2013 \u017debr\u00e1kova pomsta, Ema Labudov\u00e1 \u2013 Lada u ledu, Petr S\u00fdkora \u2013 Skl\u00edn\u011bn\u00e9 kor\u00e1lky, Dominik D\u00e1n \u2013 N\u011b\u017en\u00e1 fata morg\u00e1na, Viktor Dyk \u2013 Krysa\u0159, Karel Jarom\u00edr Erben &#8211; Kytice &nbsp;&nbsp; Tim Ayliffe \u2013 Pro vy\u0161\u0161\u00ed dobro, Wilbur Smith &nbsp;\u2013 Ko\u0159ist, &hellip; <\/p>\n<p class=\"link-more\"><a href=\"https:\/\/www.knihovnaprosec.cz\/index.php\/2022\/09\/23\/nove-knihy-zari-2022\/\" class=\"more-link\">Pokra\u010dovat ve \u010dten\u00ed<span class=\"screen-reader-text\"> &#8222;Nov\u00e9 knihy &#8211; z\u00e1\u0159\u00ed 2022&#8220;<\/span><\/a><\/p>\n","protected":false},"author":3,"featured_media":0,"comment_status":"open","ping_status":"open","sticky":false,"template":"","format":"standard","meta":{"footnotes":""},"categories":[1],"tags":[],"class_list":["post-305","post","type-post","status-publish","format-standard","hentry","category-uncategorized"],"_links":{"self":[{"href":"https:\/\/www.knihovnaprosec.cz\/index.php\/wp-json\/wp\/v2\/posts\/305","targetHints":{"allow":["GET"]}}],"collection":[{"href":"https:\/\/www.knihovnaprosec.cz\/index.php\/wp-json\/wp\/v2\/posts"}],"about":[{"href":"https:\/\/www.knihovnaprosec.cz\/index.php\/wp-json\/wp\/v2\/types\/post"}],"author":[{"embeddable":true,"href":"https:\/\/www.knihovnaprosec.cz\/index.php\/wp-json\/wp\/v2\/users\/3"}],"replies":[{"embeddable":true,"href":"https:\/\/www.knihovnaprosec.cz\/index.php\/wp-json\/wp\/v2\/comments?post=305"}],"version-history":[{"count":1,"href":"https:\/\/www.knihovnaprosec.cz\/index.php\/wp-json\/wp\/v2\/posts\/305\/revisions"}],"predecessor-version":[{"id":307,"href":"https:\/\/www.knihovnaprosec.cz\/index.php\/wp-json\/wp\/v2\/posts\/305\/revisions\/307"}],"wp:attachment":[{"href":"https:\/\/www.knihovnaprosec.cz\/index.php\/wp-json\/wp\/v2\/media?parent=305"}],"wp:term":[{"taxonomy":"category","embeddable":true,"href":"https:\/\/www.knihovnaprosec.cz\/index.php\/wp-json\/wp\/v2\/categories?post=305"},{"taxonomy":"post_tag","embeddable":true,"href":"https:\/\/www.knihovnaprosec.cz\/index.php\/wp-json\/wp\/v2\/tags?post=305"}],"curies":[{"name":"wp","href":"https:\/\/api.w.org\/{rel}","templated":true}]}}