{"id":432,"date":"2023-05-19T06:25:42","date_gmt":"2023-05-19T06:25:42","guid":{"rendered":"https:\/\/www.knihovnaprosec.cz\/?p=432"},"modified":"2023-05-19T06:25:42","modified_gmt":"2023-05-19T06:25:42","slug":"nove-knihy-kveten-2023","status":"publish","type":"post","link":"https:\/\/www.knihovnaprosec.cz\/index.php\/2023\/05\/19\/nove-knihy-kveten-2023\/","title":{"rendered":"Nov\u00e9 knihy &#8211; Kv\u011bten 2023"},"content":{"rendered":"\n<p><strong>Beletrie:<\/strong><\/p>\n\n\n\n<p>&nbsp;&nbsp; <strong>Franti\u0161ek Niedl<\/strong> \u2013 S&nbsp;vl\u010d\u00ed hlavou v&nbsp;erbu, Krajina no\u010dn\u00edch jezdc\u016f, Hr\u00e1\u010d, <strong>Vlastimil Vondru\u0161ka<\/strong> \u2013 Man\u017eelsk\u00e9 zrcadlo, <strong>Dalibor V\u00e1cha<\/strong> &#8211; M + B + M: Ma\u0161\u00edn, Balab\u00e1n, Mor\u00e1vek, <strong>Dominik D\u00e1n<\/strong> \u2013 S\u00e1ra, <strong>Miroslav \u017damboch<\/strong> \u2013 Samarkand, <strong>Marie Horov\u00e1<\/strong> \u2013 Pro o\u010di nevid\u00edm, <strong>Michaela Mu\u017e\u00edkov\u00e1<\/strong> \u2013 Vra\u017edy s&nbsp;odstupem, <strong>Stanislav \u010ce\u0161ka<\/strong> \u2013 P\u0159\u00edpad kn\u011bze z&nbsp;Bojn\u00e9, P\u0159\u00edpad forchheimsk\u00e9ho r\u00e1dce, <strong>Scarlet Wilkov\u00e1<\/strong> \u2013 A\u017e uvid\u00ed\u0161 mo\u0159e, <strong>Mirka Sko\u010d\u00edlkov\u00e1<\/strong> \u2013 Vesni\u010danka, <strong>Ivana Fajnorov\u00e1<\/strong> \u2013 Emilka, <strong>Mark\u00e9ta Harasimov\u00e1<\/strong> \u2013 Jak chutn\u00e1 strach, <strong>Lenka Chalupov\u00e1<\/strong> \u2013 P\u00e1t\u00e9 jablko, <strong>Alena Je\u017ekov\u00e1<\/strong> \u2013 Ruce houslisty,<\/p>\n\n\n\n<p><strong>&nbsp;&nbsp; Alison Belsham <\/strong>\u2013 Balzamova\u010d,<strong> Alex Smith <\/strong>\u2013 Doru\u010dovatelky, <strong>Anthony Doerr<\/strong> \u2013 \u010ctvero ro\u010dn\u00edch obdob\u00ed v&nbsp;\u0158\u00edm\u011b, <strong>Kimberly McCreight<\/strong> \u2013 V&nbsp;dobr\u00e9m i zl\u00e9m, <strong>Tami Hoag<\/strong> \u2013 Prach prachu, <strong>Lily Graham<\/strong> \u2013 D\u00edt\u011b z&nbsp;Osv\u011btimi, <strong>Carly Schabowski<\/strong> \u2013 Hodin\u00e1\u0159 z&nbsp;Dachau, <strong>Michael Norman<\/strong> \u2013 Slzy v&nbsp;temnot\u011b, <strong>Poppy Adams<\/strong> \u2013 Chov\u00e1n\u00ed no\u010dn\u00edch mot\u00fdl\u016f, <strong>Frank Kodiak<\/strong> \u2013 Amissa: Zmizel\u00e9, <strong>Jacqueline Dauxois<\/strong> \u2013 Nefertiti, <strong>Helen Fitzgerald <\/strong>\u2013 Pl\u00e1\u010d, <strong>Piotr Bednarski<\/strong> \u2013 Modr\u00fd sn\u00edh, <strong>Christopher Golden<\/strong> &#8211; Hra s&nbsp;mozkem,<\/p>\n\n\n\n<p><strong>&nbsp;&nbsp; Iona Grey <\/strong>\u2013 Dopisy, kter\u00e9 nikdo ne\u010detl, <strong>Lizzie Page<\/strong> \u2013 Nov\u00fd domov, <strong>Lucinda Riley<\/strong> \u2013 Sestra ve st\u00ednu, <strong>Rachael Anderson<\/strong> \u2013 P\u00e1d lorda Draysona, Vzestup sle\u010dny Notleyov\u00e9, Volba lady Harriett, <strong>Gill Sims<\/strong> \u2013 Pro\u010d m\u00e1ma pije, <strong>Mary Ann Shaffer<\/strong> \u2013 Spolek p\u0159\u00e1tel kr\u00e1sn\u00e9 literatury a bramborov\u00fdch kol\u00e1\u010d\u016f, <strong>Judy<\/strong> <strong>Westwater <\/strong>\u2013 Nikdo t\u011b nem\u00e1 r\u00e1d, <strong>Joanne Harris<\/strong> \u2013 Krysa\u0159ovy st\u0159ev\u00edce, <strong>Anna Todd<\/strong> \u2013 After: Polibek, P\u0159izn\u00e1n\u00ed, <strong>Barbara Delinsky<\/strong> \u2013 Pro\u010d m\u00e1 dcera?<\/p>\n\n\n\n<p><strong>Nau\u010dn\u00e1 literatura:<\/strong><\/p>\n\n\n\n<p><strong>&nbsp;&nbsp; Richard H\u00e4ndl <\/strong>\u2013 Historie trochu jinak, <strong>Ale\u0161 \u010cesal<\/strong> \u2013 Z\u00e1hady star\u00e9 Prahy, <strong>Chiara Pasqualetti Johnson<\/strong> \u2013 Nejvlivn\u011bj\u0161\u00ed \u017eeny na\u0161\u00ed doby, <strong>Dieter Breuers<\/strong> \u2013 Ve jm\u00e9nu \u010f\u00e1bla, <strong>David Southwell<\/strong> \u2013 Historie organizovan\u00e9ho zlo\u010dinu, <strong>Zakaria Erzinclioglu<\/strong> \u2013 Forenzn\u00ed metody vy\u0161et\u0159ov\u00e1n\u00ed, <strong>Colin Didier<\/strong> \u2013 Slovn\u00edk symbol\u016f, m\u00fdt\u016f a legend<\/p>\n\n\n\n<p><strong>Knihy pro d\u011bti:<\/strong><\/p>\n\n\n\n<p><strong>\u00a0\u00a0 Dagmar Lhotov\u00e1 a Zden\u011bk K. Slab\u00fd<\/strong> \u2013 Poh\u00e1dky, kter\u00e9 p\u0159inesl v\u00edtr, <strong>Bo\u017eena N\u011bmcov\u00e1<\/strong> \u2013 Bylo nebylo, <strong>Karel \u010capek<\/strong> \u2013 D\u00e1\u0161e\u0148ka, <strong>Marie Rejfov\u00e1<\/strong> \u2013 \u010carov\u011bn\u00edk, <strong>Joann Sfar<\/strong> \u2013 Mal\u00fd up\u00edrek, <strong>Irina Korschunow<\/strong> \u2013 O li\u0161\u010d\u00ed m\u00e1m\u011b, <strong>H. G. Wells<\/strong> \u2013 V\u00e1lka sv\u011bt\u016f, <strong>Brian Jacques<\/strong> \u2013 Sedm stra\u0161ideln\u00fdch p\u0159\u00edb\u011bh\u016f, <strong>Lucie \u0160avl\u00edkov\u00e1<\/strong> \u2013 Anglicko \u2013 \u010desk\u00fd slovn\u00edk pro \u0161kol\u00e1ky<\/p>\n\n\n\n<figure class=\"wp-block-image size-full\"><img loading=\"lazy\" decoding=\"async\" width=\"1000\" height=\"563\" src=\"https:\/\/www.knihovnaprosec.cz\/wp-content\/uploads\/2023\/05\/20230503_130444-rotated.jpg\" alt=\"\" class=\"wp-image-433\" srcset=\"https:\/\/www.knihovnaprosec.cz\/wp-content\/uploads\/2023\/05\/20230503_130444-rotated.jpg 1000w, https:\/\/www.knihovnaprosec.cz\/wp-content\/uploads\/2023\/05\/20230503_130444-300x169.jpg 300w, https:\/\/www.knihovnaprosec.cz\/wp-content\/uploads\/2023\/05\/20230503_130444-768x432.jpg 768w\" sizes=\"auto, (max-width: 767px) 89vw, (max-width: 1000px) 54vw, (max-width: 1071px) 543px, 580px\" \/><\/figure>\n","protected":false},"excerpt":{"rendered":"<p>Beletrie: &nbsp;&nbsp; Franti\u0161ek Niedl \u2013 S&nbsp;vl\u010d\u00ed hlavou v&nbsp;erbu, Krajina no\u010dn\u00edch jezdc\u016f, Hr\u00e1\u010d, Vlastimil Vondru\u0161ka \u2013 Man\u017eelsk\u00e9 zrcadlo, Dalibor V\u00e1cha &#8211; M + B + M: Ma\u0161\u00edn, Balab\u00e1n, Mor\u00e1vek, Dominik D\u00e1n \u2013 S\u00e1ra, Miroslav \u017damboch \u2013 Samarkand, Marie Horov\u00e1 \u2013 Pro o\u010di nevid\u00edm, Michaela Mu\u017e\u00edkov\u00e1 \u2013 Vra\u017edy s&nbsp;odstupem, Stanislav \u010ce\u0161ka \u2013 P\u0159\u00edpad kn\u011bze z&nbsp;Bojn\u00e9, P\u0159\u00edpad forchheimsk\u00e9ho &hellip; <\/p>\n<p class=\"link-more\"><a href=\"https:\/\/www.knihovnaprosec.cz\/index.php\/2023\/05\/19\/nove-knihy-kveten-2023\/\" class=\"more-link\">Pokra\u010dovat ve \u010dten\u00ed<span class=\"screen-reader-text\"> &#8222;Nov\u00e9 knihy &#8211; Kv\u011bten 2023&#8220;<\/span><\/a><\/p>\n","protected":false},"author":3,"featured_media":0,"comment_status":"open","ping_status":"open","sticky":false,"template":"","format":"standard","meta":{"footnotes":""},"categories":[1],"tags":[],"class_list":["post-432","post","type-post","status-publish","format-standard","hentry","category-uncategorized"],"_links":{"self":[{"href":"https:\/\/www.knihovnaprosec.cz\/index.php\/wp-json\/wp\/v2\/posts\/432","targetHints":{"allow":["GET"]}}],"collection":[{"href":"https:\/\/www.knihovnaprosec.cz\/index.php\/wp-json\/wp\/v2\/posts"}],"about":[{"href":"https:\/\/www.knihovnaprosec.cz\/index.php\/wp-json\/wp\/v2\/types\/post"}],"author":[{"embeddable":true,"href":"https:\/\/www.knihovnaprosec.cz\/index.php\/wp-json\/wp\/v2\/users\/3"}],"replies":[{"embeddable":true,"href":"https:\/\/www.knihovnaprosec.cz\/index.php\/wp-json\/wp\/v2\/comments?post=432"}],"version-history":[{"count":1,"href":"https:\/\/www.knihovnaprosec.cz\/index.php\/wp-json\/wp\/v2\/posts\/432\/revisions"}],"predecessor-version":[{"id":434,"href":"https:\/\/www.knihovnaprosec.cz\/index.php\/wp-json\/wp\/v2\/posts\/432\/revisions\/434"}],"wp:attachment":[{"href":"https:\/\/www.knihovnaprosec.cz\/index.php\/wp-json\/wp\/v2\/media?parent=432"}],"wp:term":[{"taxonomy":"category","embeddable":true,"href":"https:\/\/www.knihovnaprosec.cz\/index.php\/wp-json\/wp\/v2\/categories?post=432"},{"taxonomy":"post_tag","embeddable":true,"href":"https:\/\/www.knihovnaprosec.cz\/index.php\/wp-json\/wp\/v2\/tags?post=432"}],"curies":[{"name":"wp","href":"https:\/\/api.w.org\/{rel}","templated":true}]}}