{"id":809,"date":"2025-03-24T12:23:06","date_gmt":"2025-03-24T12:23:06","guid":{"rendered":"https:\/\/www.knihovnaprosec.cz\/?p=809"},"modified":"2025-03-24T12:23:06","modified_gmt":"2025-03-24T12:23:06","slug":"v-krajine-granatovniku","status":"publish","type":"post","link":"https:\/\/www.knihovnaprosec.cz\/index.php\/2025\/03\/24\/v-krajine-granatovniku\/","title":{"rendered":"V krajin\u011b gran\u00e1tovn\u00edk\u016f"},"content":{"rendered":"\n<p>V m\u011bstsk\u00e9 knihovn\u011b si m\u016f\u017eete od z\u00edt\u0159ka vyp\u016fj\u010dit unik\u00e1tn\u00ed fotografickou knihu o Ir\u00e1ck\u00e9m Kurdist\u00e1nu &#8222;V krajin\u011b gran\u00e1tovn\u00edk\u016f&#8220;, kterou n\u00e1m v\u011bnovala Magd\u00e1lena Sodomkov\u00e1.<\/p>\n\n\n\n<p><a><\/a>Tuto publikaci spole\u010dn\u011b vydali francouzsk\u00fd fotograf L\u00e2m Duc Hi\u00ean a report\u00e9rka Magdal\u00e9na Sodomkov\u00e1, kte\u0159\u00ed byli hosty posledn\u00edho Prose\u010dsk\u00e9ho d\u00fdch\u00e1nku.<\/p>\n\n\n\n<figure class=\"wp-block-image size-full\"><img loading=\"lazy\" decoding=\"async\" width=\"750\" height=\"1000\" src=\"https:\/\/www.knihovnaprosec.cz\/wp-content\/uploads\/2025\/03\/20250324_124347.jpg\" alt=\"\" class=\"wp-image-810\" srcset=\"https:\/\/www.knihovnaprosec.cz\/wp-content\/uploads\/2025\/03\/20250324_124347.jpg 750w, https:\/\/www.knihovnaprosec.cz\/wp-content\/uploads\/2025\/03\/20250324_124347-225x300.jpg 225w\" sizes=\"auto, (max-width: 706px) 89vw, (max-width: 767px) 82vw, 740px\" \/><\/figure>\n\n\n\n<figure class=\"wp-block-image size-full\"><img loading=\"lazy\" decoding=\"async\" width=\"1000\" height=\"750\" src=\"https:\/\/www.knihovnaprosec.cz\/wp-content\/uploads\/2025\/03\/20250324_124311-rotated.jpg\" alt=\"\" class=\"wp-image-811\" srcset=\"https:\/\/www.knihovnaprosec.cz\/wp-content\/uploads\/2025\/03\/20250324_124311-rotated.jpg 1000w, https:\/\/www.knihovnaprosec.cz\/wp-content\/uploads\/2025\/03\/20250324_124311-300x225.jpg 300w, https:\/\/www.knihovnaprosec.cz\/wp-content\/uploads\/2025\/03\/20250324_124311-768x576.jpg 768w\" sizes=\"auto, (max-width: 767px) 89vw, (max-width: 1000px) 54vw, (max-width: 1071px) 543px, 580px\" \/><\/figure>\n\n\n\n<figure class=\"wp-block-image size-full\"><img loading=\"lazy\" decoding=\"async\" width=\"1000\" height=\"750\" src=\"https:\/\/www.knihovnaprosec.cz\/wp-content\/uploads\/2025\/03\/20250324_124012-rotated.jpg\" alt=\"\" class=\"wp-image-812\" srcset=\"https:\/\/www.knihovnaprosec.cz\/wp-content\/uploads\/2025\/03\/20250324_124012-rotated.jpg 1000w, https:\/\/www.knihovnaprosec.cz\/wp-content\/uploads\/2025\/03\/20250324_124012-300x225.jpg 300w, https:\/\/www.knihovnaprosec.cz\/wp-content\/uploads\/2025\/03\/20250324_124012-768x576.jpg 768w\" sizes=\"auto, (max-width: 767px) 89vw, (max-width: 1000px) 54vw, (max-width: 1071px) 543px, 580px\" \/><\/figure>\n\n\n\n<figure class=\"wp-block-image size-full\"><img loading=\"lazy\" decoding=\"async\" width=\"1000\" height=\"750\" src=\"https:\/\/www.knihovnaprosec.cz\/wp-content\/uploads\/2025\/03\/20250324_124239-rotated.jpg\" alt=\"\" class=\"wp-image-813\" srcset=\"https:\/\/www.knihovnaprosec.cz\/wp-content\/uploads\/2025\/03\/20250324_124239-rotated.jpg 1000w, https:\/\/www.knihovnaprosec.cz\/wp-content\/uploads\/2025\/03\/20250324_124239-300x225.jpg 300w, https:\/\/www.knihovnaprosec.cz\/wp-content\/uploads\/2025\/03\/20250324_124239-768x576.jpg 768w\" sizes=\"auto, (max-width: 767px) 89vw, (max-width: 1000px) 54vw, (max-width: 1071px) 543px, 580px\" \/><\/figure>\n\n\n\n<figure class=\"wp-block-image size-full\"><img loading=\"lazy\" decoding=\"async\" width=\"1000\" height=\"750\" src=\"https:\/\/www.knihovnaprosec.cz\/wp-content\/uploads\/2025\/03\/20250324_124133-rotated.jpg\" alt=\"\" class=\"wp-image-814\" srcset=\"https:\/\/www.knihovnaprosec.cz\/wp-content\/uploads\/2025\/03\/20250324_124133-rotated.jpg 1000w, https:\/\/www.knihovnaprosec.cz\/wp-content\/uploads\/2025\/03\/20250324_124133-300x225.jpg 300w, https:\/\/www.knihovnaprosec.cz\/wp-content\/uploads\/2025\/03\/20250324_124133-768x576.jpg 768w\" sizes=\"auto, (max-width: 767px) 89vw, (max-width: 1000px) 54vw, (max-width: 1071px) 543px, 580px\" \/><\/figure>\n","protected":false},"excerpt":{"rendered":"<p>V m\u011bstsk\u00e9 knihovn\u011b si m\u016f\u017eete od z\u00edt\u0159ka vyp\u016fj\u010dit unik\u00e1tn\u00ed fotografickou knihu o Ir\u00e1ck\u00e9m Kurdist\u00e1nu &#8222;V krajin\u011b gran\u00e1tovn\u00edk\u016f&#8220;, kterou n\u00e1m v\u011bnovala Magd\u00e1lena Sodomkov\u00e1. Tuto publikaci spole\u010dn\u011b vydali francouzsk\u00fd fotograf L\u00e2m Duc Hi\u00ean a report\u00e9rka Magdal\u00e9na Sodomkov\u00e1, kte\u0159\u00ed byli hosty posledn\u00edho Prose\u010dsk\u00e9ho d\u00fdch\u00e1nku.<\/p>\n","protected":false},"author":3,"featured_media":0,"comment_status":"open","ping_status":"open","sticky":false,"template":"","format":"standard","meta":{"footnotes":""},"categories":[1],"tags":[],"class_list":["post-809","post","type-post","status-publish","format-standard","hentry","category-uncategorized"],"_links":{"self":[{"href":"https:\/\/www.knihovnaprosec.cz\/index.php\/wp-json\/wp\/v2\/posts\/809","targetHints":{"allow":["GET"]}}],"collection":[{"href":"https:\/\/www.knihovnaprosec.cz\/index.php\/wp-json\/wp\/v2\/posts"}],"about":[{"href":"https:\/\/www.knihovnaprosec.cz\/index.php\/wp-json\/wp\/v2\/types\/post"}],"author":[{"embeddable":true,"href":"https:\/\/www.knihovnaprosec.cz\/index.php\/wp-json\/wp\/v2\/users\/3"}],"replies":[{"embeddable":true,"href":"https:\/\/www.knihovnaprosec.cz\/index.php\/wp-json\/wp\/v2\/comments?post=809"}],"version-history":[{"count":1,"href":"https:\/\/www.knihovnaprosec.cz\/index.php\/wp-json\/wp\/v2\/posts\/809\/revisions"}],"predecessor-version":[{"id":815,"href":"https:\/\/www.knihovnaprosec.cz\/index.php\/wp-json\/wp\/v2\/posts\/809\/revisions\/815"}],"wp:attachment":[{"href":"https:\/\/www.knihovnaprosec.cz\/index.php\/wp-json\/wp\/v2\/media?parent=809"}],"wp:term":[{"taxonomy":"category","embeddable":true,"href":"https:\/\/www.knihovnaprosec.cz\/index.php\/wp-json\/wp\/v2\/categories?post=809"},{"taxonomy":"post_tag","embeddable":true,"href":"https:\/\/www.knihovnaprosec.cz\/index.php\/wp-json\/wp\/v2\/tags?post=809"}],"curies":[{"name":"wp","href":"https:\/\/api.w.org\/{rel}","templated":true}]}}